{"id":194266,"date":"2022-06-11T16:44:43","date_gmt":"2022-06-11T14:44:43","guid":{"rendered":"https:\/\/www.cicloturismo.it\/?p=194266"},"modified":"2022-06-11T16:44:43","modified_gmt":"2022-06-11T14:44:43","slug":"nuova-ciclabile-nella-citta-di-cuneo-2","status":"publish","type":"post","link":"https:\/\/demo.cicloturismo.it\/?p=194266","title":{"rendered":"Nuova ciclabile nella citt\u00e0 di Cuneo."},"content":{"rendered":"<p><a href=\"https:\/\/demo.cicloturismo.it\/nuova-ciclabile-nella-citta-di-cuneo-2\/bicycle-1836982_1280\/\" rel=\"attachment wp-att-194267\"><img decoding=\"async\" src=\"data:image\/svg+xml,%3Csvg%20xmlns%3D%27http%3A%2F%2Fwww.w3.org%2F2000%2Fsvg%27%20width%3D%27225%27%20height%3D%27300%27%20viewBox%3D%270%200%20225%20300%27%3E%3Crect%20width%3D%27225%27%20height%3D%27300%27%20fill-opacity%3D%220%22%2F%3E%3C%2Fsvg%3E\" data-orig-src=\"https:\/\/demo.cicloturismo.it\/wp-content\/uploads\/2022\/06\/bicycle-1836982_1280-225x300.jpg\" alt=\"\" width=\"225\" height=\"300\" class=\"lazyload alignnone size-medium wp-image-194267\" \/><\/a><br \/>\nLa scorsa  settimana  nella citt\u00e0 di Cuneo sono partiti  i lavoratori  per la nuova ciclabile,   che unir\u00e0 Via Dante Livio Bianco ,Via Carlo Boggio con il  Corso Nizza. In via Ettore Rosa  sar\u00e0 realizzato  un attraversamento  rialzato che consentir\u00e0  di collegare  le due ciclabile.  I lavori  dovrebbe  terminare  entro la fine di settembre. <\/p>\n","protected":false},"excerpt":{"rendered":"<p>La scorsa settimana nella citt\u00e0 di Cuneo sono partiti i  [&#8230;]<\/p>\n","protected":false},"author":1,"featured_media":194267,"comment_status":"open","ping_status":"open","sticky":false,"template":"","format":"standard","meta":{"footnotes":""},"categories":[8],"tags":[],"class_list":["post-194266","post","type-post","status-publish","format-standard","has-post-thumbnail","hentry","category-news"],"_links":{"self":[{"href":"https:\/\/demo.cicloturismo.it\/index.php?rest_route=\/wp\/v2\/posts\/194266","targetHints":{"allow":["GET"]}}],"collection":[{"href":"https:\/\/demo.cicloturismo.it\/index.php?rest_route=\/wp\/v2\/posts"}],"about":[{"href":"https:\/\/demo.cicloturismo.it\/index.php?rest_route=\/wp\/v2\/types\/post"}],"author":[{"embeddable":true,"href":"https:\/\/demo.cicloturismo.it\/index.php?rest_route=\/wp\/v2\/users\/1"}],"replies":[{"embeddable":true,"href":"https:\/\/demo.cicloturismo.it\/index.php?rest_route=%2Fwp%2Fv2%2Fcomments&post=194266"}],"version-history":[{"count":0,"href":"https:\/\/demo.cicloturismo.it\/index.php?rest_route=\/wp\/v2\/posts\/194266\/revisions"}],"wp:featuredmedia":[{"embeddable":true,"href":"https:\/\/demo.cicloturismo.it\/index.php?rest_route=\/"}],"wp:attachment":[{"href":"https:\/\/demo.cicloturismo.it\/index.php?rest_route=%2Fwp%2Fv2%2Fmedia&parent=194266"}],"wp:term":[{"taxonomy":"category","embeddable":true,"href":"https:\/\/demo.cicloturismo.it\/index.php?rest_route=%2Fwp%2Fv2%2Fcategories&post=194266"},{"taxonomy":"post_tag","embeddable":true,"href":"https:\/\/demo.cicloturismo.it\/index.php?rest_route=%2Fwp%2Fv2%2Ftags&post=194266"}],"curies":[{"name":"wp","href":"https:\/\/api.w.org\/{rel}","templated":true}]}}