{"id":194278,"date":"2022-06-12T14:53:23","date_gmt":"2022-06-12T12:53:23","guid":{"rendered":"https:\/\/www.cicloturismo.it\/?p=194278"},"modified":"2022-06-12T14:53:23","modified_gmt":"2022-06-12T12:53:23","slug":"malore-improvviso-in-bici-muore-cicloamatore-50enne","status":"publish","type":"post","link":"https:\/\/demo.cicloturismo.it\/?p=194278","title":{"rendered":"Malore improvviso in bici: muore cicloamatore 50enne"},"content":{"rendered":"<p><a href=\"https:\/\/demo.cicloturismo.it\/malore-improvviso-in-bici-muore-cicloamatore-50enne\/bike-g23d7f88a7_1280\/\" rel=\"attachment wp-att-194279\"><img decoding=\"async\" src=\"data:image\/svg+xml,%3Csvg%20xmlns%3D%27http%3A%2F%2Fwww.w3.org%2F2000%2Fsvg%27%20width%3D%27300%27%20height%3D%27191%27%20viewBox%3D%270%200%20300%20191%27%3E%3Crect%20width%3D%27300%27%20height%3D%27191%27%20fill-opacity%3D%220%22%2F%3E%3C%2Fsvg%3E\" data-orig-src=\"https:\/\/demo.cicloturismo.it\/wp-content\/uploads\/2022\/06\/bike-g23d7f88a7_1280-300x191.jpg\" alt=\"\" width=\"300\" height=\"191\" class=\"lazyload alignnone size-medium wp-image-194279\" \/><\/a><br \/>\nTerribile tragedia nel Mantovano .  Elio Gallina, 50enne  cicloamatore \u00e8 morto agli Spedali Civili di Brescia . Il ciclista nella giornata di mercoled\u00ec \u00e8 stato vittima di un malore improvviso mentre stava pedalando con un amico in sella alla sua bici a San Felice del Benaco, sul Garda.L&#8217;uomo era dipendete   del Comune di Cavriana, negli ultimi mesi era diventato dirigente del &#8216;Chero Group Team Sfrenati&#8217;. <\/p>\n","protected":false},"excerpt":{"rendered":"<p>Terribile tragedia nel Mantovano . Elio Gallina, 50enne cicloamatore \u00e8  [&#8230;]<\/p>\n","protected":false},"author":1,"featured_media":194279,"comment_status":"open","ping_status":"open","sticky":false,"template":"","format":"standard","meta":{"footnotes":""},"categories":[8],"tags":[],"class_list":["post-194278","post","type-post","status-publish","format-standard","has-post-thumbnail","hentry","category-news"],"_links":{"self":[{"href":"https:\/\/demo.cicloturismo.it\/index.php?rest_route=\/wp\/v2\/posts\/194278","targetHints":{"allow":["GET"]}}],"collection":[{"href":"https:\/\/demo.cicloturismo.it\/index.php?rest_route=\/wp\/v2\/posts"}],"about":[{"href":"https:\/\/demo.cicloturismo.it\/index.php?rest_route=\/wp\/v2\/types\/post"}],"author":[{"embeddable":true,"href":"https:\/\/demo.cicloturismo.it\/index.php?rest_route=\/wp\/v2\/users\/1"}],"replies":[{"embeddable":true,"href":"https:\/\/demo.cicloturismo.it\/index.php?rest_route=%2Fwp%2Fv2%2Fcomments&post=194278"}],"version-history":[{"count":0,"href":"https:\/\/demo.cicloturismo.it\/index.php?rest_route=\/wp\/v2\/posts\/194278\/revisions"}],"wp:featuredmedia":[{"embeddable":true,"href":"https:\/\/demo.cicloturismo.it\/index.php?rest_route=\/"}],"wp:attachment":[{"href":"https:\/\/demo.cicloturismo.it\/index.php?rest_route=%2Fwp%2Fv2%2Fmedia&parent=194278"}],"wp:term":[{"taxonomy":"category","embeddable":true,"href":"https:\/\/demo.cicloturismo.it\/index.php?rest_route=%2Fwp%2Fv2%2Fcategories&post=194278"},{"taxonomy":"post_tag","embeddable":true,"href":"https:\/\/demo.cicloturismo.it\/index.php?rest_route=%2Fwp%2Fv2%2Ftags&post=194278"}],"curies":[{"name":"wp","href":"https:\/\/api.w.org\/{rel}","templated":true}]}}