{"id":194369,"date":"2022-06-15T15:17:56","date_gmt":"2022-06-15T13:17:56","guid":{"rendered":"https:\/\/www.cicloturismo.it\/?p=194369"},"modified":"2022-06-15T15:17:56","modified_gmt":"2022-06-15T13:17:56","slug":"nuova-ciclabile-nel-comune-di-morano-calabro","status":"publish","type":"post","link":"https:\/\/demo.cicloturismo.it\/?p=194369","title":{"rendered":"Nuova ciclabile nel comune di Morano Calabro ."},"content":{"rendered":"<p><a href=\"https:\/\/demo.cicloturismo.it\/nuova-ciclabile-nel-comune-di-morano-calabro\/person-ge038020bd_1280\/\" rel=\"attachment wp-att-194370\"><img decoding=\"async\" class=\"lazyload alignnone size-medium wp-image-194370\" src=\"data:image\/svg+xml,%3Csvg%20xmlns%3D%27http%3A%2F%2Fwww.w3.org%2F2000%2Fsvg%27%20width%3D%27300%27%20height%3D%27200%27%20viewBox%3D%270%200%20300%20200%27%3E%3Crect%20width%3D%27300%27%20height%3D%27200%27%20fill-opacity%3D%220%22%2F%3E%3C%2Fsvg%3E\" data-orig-src=\"https:\/\/demo.cicloturismo.it\/wp-content\/uploads\/2022\/06\/person-ge038020bd_1280-300x200.jpg\" alt=\"\" width=\"300\" height=\"200\" \/><\/a><\/p>\n<p>Recentemente \u00e8 stato il nuovo tratto di pista ciclabile che dal Parco nazionale del Pollino, sul tracciato dell&#8217;ex strada ferrata\u00a0 conduce fino a Morano Calabro. La nuova ciclabile misura ben quindici chilometri , \u00e8 stata realizzata grazie ai fondi regionali . Questa nuova infrastruttura avr\u00e0 come scopo di rafforzare l&#8217;asset del cicloturismo che ormai anche in Calabria \u00e8 una solida realt\u00e0 che affascina tantissimi turisti provenienti da ogni parte d&#8217;Europa e del mondo.<\/p>\n<p>&nbsp;<\/p>\n<p>&nbsp;<\/p>\n<p>&nbsp;<\/p>\n","protected":false},"excerpt":{"rendered":"<p>Recentemente \u00e8 stato il nuovo tratto di pista ciclabile che  [&#8230;]<\/p>\n","protected":false},"author":1,"featured_media":194370,"comment_status":"open","ping_status":"open","sticky":false,"template":"","format":"standard","meta":{"footnotes":""},"categories":[8],"tags":[],"class_list":["post-194369","post","type-post","status-publish","format-standard","has-post-thumbnail","hentry","category-news"],"_links":{"self":[{"href":"https:\/\/demo.cicloturismo.it\/index.php?rest_route=\/wp\/v2\/posts\/194369","targetHints":{"allow":["GET"]}}],"collection":[{"href":"https:\/\/demo.cicloturismo.it\/index.php?rest_route=\/wp\/v2\/posts"}],"about":[{"href":"https:\/\/demo.cicloturismo.it\/index.php?rest_route=\/wp\/v2\/types\/post"}],"author":[{"embeddable":true,"href":"https:\/\/demo.cicloturismo.it\/index.php?rest_route=\/wp\/v2\/users\/1"}],"replies":[{"embeddable":true,"href":"https:\/\/demo.cicloturismo.it\/index.php?rest_route=%2Fwp%2Fv2%2Fcomments&post=194369"}],"version-history":[{"count":0,"href":"https:\/\/demo.cicloturismo.it\/index.php?rest_route=\/wp\/v2\/posts\/194369\/revisions"}],"wp:featuredmedia":[{"embeddable":true,"href":"https:\/\/demo.cicloturismo.it\/index.php?rest_route=\/"}],"wp:attachment":[{"href":"https:\/\/demo.cicloturismo.it\/index.php?rest_route=%2Fwp%2Fv2%2Fmedia&parent=194369"}],"wp:term":[{"taxonomy":"category","embeddable":true,"href":"https:\/\/demo.cicloturismo.it\/index.php?rest_route=%2Fwp%2Fv2%2Fcategories&post=194369"},{"taxonomy":"post_tag","embeddable":true,"href":"https:\/\/demo.cicloturismo.it\/index.php?rest_route=%2Fwp%2Fv2%2Ftags&post=194369"}],"curies":[{"name":"wp","href":"https:\/\/api.w.org\/{rel}","templated":true}]}}