{"id":194465,"date":"2022-06-19T18:35:40","date_gmt":"2022-06-19T16:35:40","guid":{"rendered":"https:\/\/www.cicloturismo.it\/?p=194465"},"modified":"2022-06-19T18:35:40","modified_gmt":"2022-06-19T16:35:40","slug":"malore-improvviso-per-un-ciclista","status":"publish","type":"post","link":"https:\/\/demo.cicloturismo.it\/?p=194465","title":{"rendered":"Malore improvviso per un ciclista."},"content":{"rendered":"<p><a href=\"https:\/\/demo.cicloturismo.it\/in-bici-da-lampedusa-a-capo-nord\/cycling-g8d50e986d_1280\/\" rel=\"attachment wp-att-194311\"><img decoding=\"async\" src=\"data:image\/svg+xml,%3Csvg%20xmlns%3D%27http%3A%2F%2Fwww.w3.org%2F2000%2Fsvg%27%20width%3D%27300%27%20height%3D%27200%27%20viewBox%3D%270%200%20300%20200%27%3E%3Crect%20width%3D%27300%27%20height%3D%27200%27%20fill-opacity%3D%220%22%2F%3E%3C%2Fsvg%3E\" data-orig-src=\"https:\/\/demo.cicloturismo.it\/wp-content\/uploads\/2022\/06\/cycling-g8d50e986d_1280-300x200.jpg\" alt=\"\" width=\"300\" height=\"200\" class=\"lazyload alignnone size-medium wp-image-194311\" \/><\/a><br \/>\nUn ciclista di 61 anni \u00e8 stato colpito da un malore improvviso mentre stava pedalando con la sua bicicletta in compagnia di amici. Il malore si \u00e8 verificato tra Resiutta e Chiusaforte lungo la ciclabile Alpe Adria. Il soccorso alpino di zona \u00e8 intervento immediatamente assieme ai Carabinieri e all\u2019elisoccorso. I soccorsi hanno tentato di rianimare il ciclista  ma purtroppo non ce l\u2019ha fatta.<\/p>\n","protected":false},"excerpt":{"rendered":"<p>Un ciclista di 61 anni \u00e8 stato colpito da un  [&#8230;]<\/p>\n","protected":false},"author":1,"featured_media":194311,"comment_status":"open","ping_status":"open","sticky":false,"template":"","format":"standard","meta":{"footnotes":""},"categories":[8],"tags":[],"class_list":["post-194465","post","type-post","status-publish","format-standard","has-post-thumbnail","hentry","category-news"],"_links":{"self":[{"href":"https:\/\/demo.cicloturismo.it\/index.php?rest_route=\/wp\/v2\/posts\/194465","targetHints":{"allow":["GET"]}}],"collection":[{"href":"https:\/\/demo.cicloturismo.it\/index.php?rest_route=\/wp\/v2\/posts"}],"about":[{"href":"https:\/\/demo.cicloturismo.it\/index.php?rest_route=\/wp\/v2\/types\/post"}],"author":[{"embeddable":true,"href":"https:\/\/demo.cicloturismo.it\/index.php?rest_route=\/wp\/v2\/users\/1"}],"replies":[{"embeddable":true,"href":"https:\/\/demo.cicloturismo.it\/index.php?rest_route=%2Fwp%2Fv2%2Fcomments&post=194465"}],"version-history":[{"count":0,"href":"https:\/\/demo.cicloturismo.it\/index.php?rest_route=\/wp\/v2\/posts\/194465\/revisions"}],"wp:featuredmedia":[{"embeddable":true,"href":"https:\/\/demo.cicloturismo.it\/index.php?rest_route=\/"}],"wp:attachment":[{"href":"https:\/\/demo.cicloturismo.it\/index.php?rest_route=%2Fwp%2Fv2%2Fmedia&parent=194465"}],"wp:term":[{"taxonomy":"category","embeddable":true,"href":"https:\/\/demo.cicloturismo.it\/index.php?rest_route=%2Fwp%2Fv2%2Fcategories&post=194465"},{"taxonomy":"post_tag","embeddable":true,"href":"https:\/\/demo.cicloturismo.it\/index.php?rest_route=%2Fwp%2Fv2%2Ftags&post=194465"}],"curies":[{"name":"wp","href":"https:\/\/api.w.org\/{rel}","templated":true}]}}