{"id":194517,"date":"2022-06-22T14:55:11","date_gmt":"2022-06-22T12:55:11","guid":{"rendered":"https:\/\/www.cicloturismo.it\/?p=194517"},"modified":"2022-06-22T14:55:11","modified_gmt":"2022-06-22T12:55:11","slug":"nuova-ciclabile-nella-citta-di-cattolica","status":"publish","type":"post","link":"https:\/\/demo.cicloturismo.it\/?p=194517","title":{"rendered":"Nuova ciclabile nella citt\u00e0 di Cattolica"},"content":{"rendered":"<p><a href=\"https:\/\/demo.cicloturismo.it\/nuova-ciclabile-nella-citta-di-cattolica\/man-g0aa6caaf0_1280\/\" rel=\"attachment wp-att-194518\"><img decoding=\"async\" src=\"data:image\/svg+xml,%3Csvg%20xmlns%3D%27http%3A%2F%2Fwww.w3.org%2F2000%2Fsvg%27%20width%3D%27300%27%20height%3D%27200%27%20viewBox%3D%270%200%20300%20200%27%3E%3Crect%20width%3D%27300%27%20height%3D%27200%27%20fill-opacity%3D%220%22%2F%3E%3C%2Fsvg%3E\" data-orig-src=\"https:\/\/demo.cicloturismo.it\/wp-content\/uploads\/2022\/06\/man-g0aa6caaf0_1280-300x200.jpg\" alt=\"\" width=\"300\" height=\"200\" class=\"lazyload alignnone size-medium wp-image-194518\" \/><\/a><\/p>\n<p>Questa mattina sono iniziati ufficializzate i lavori  per la realizzazione di una nuova pista ciclabile a Cattolica nel quartiere Torconca. Il lavori avr\u00e0 come scopo di allungare di 200 metri la ciclabile gi\u00e0 esistente in Via Emilia Romagna, direzione mare. L&#8217;opera avr\u00e0 un costo totale  di 100mila euro. Una volta terminati i lavori la cittadinanza della zona avr\u00e0 a disposizione una ciclabile urbana di 500 metri .  <\/p>\n","protected":false},"excerpt":{"rendered":"<p>Questa mattina sono iniziati ufficializzate i lavori per la realizzazione  [&#8230;]<\/p>\n","protected":false},"author":1,"featured_media":194518,"comment_status":"open","ping_status":"open","sticky":false,"template":"","format":"standard","meta":{"footnotes":""},"categories":[8],"tags":[],"class_list":["post-194517","post","type-post","status-publish","format-standard","has-post-thumbnail","hentry","category-news"],"_links":{"self":[{"href":"https:\/\/demo.cicloturismo.it\/index.php?rest_route=\/wp\/v2\/posts\/194517","targetHints":{"allow":["GET"]}}],"collection":[{"href":"https:\/\/demo.cicloturismo.it\/index.php?rest_route=\/wp\/v2\/posts"}],"about":[{"href":"https:\/\/demo.cicloturismo.it\/index.php?rest_route=\/wp\/v2\/types\/post"}],"author":[{"embeddable":true,"href":"https:\/\/demo.cicloturismo.it\/index.php?rest_route=\/wp\/v2\/users\/1"}],"replies":[{"embeddable":true,"href":"https:\/\/demo.cicloturismo.it\/index.php?rest_route=%2Fwp%2Fv2%2Fcomments&post=194517"}],"version-history":[{"count":0,"href":"https:\/\/demo.cicloturismo.it\/index.php?rest_route=\/wp\/v2\/posts\/194517\/revisions"}],"wp:featuredmedia":[{"embeddable":true,"href":"https:\/\/demo.cicloturismo.it\/index.php?rest_route=\/"}],"wp:attachment":[{"href":"https:\/\/demo.cicloturismo.it\/index.php?rest_route=%2Fwp%2Fv2%2Fmedia&parent=194517"}],"wp:term":[{"taxonomy":"category","embeddable":true,"href":"https:\/\/demo.cicloturismo.it\/index.php?rest_route=%2Fwp%2Fv2%2Fcategories&post=194517"},{"taxonomy":"post_tag","embeddable":true,"href":"https:\/\/demo.cicloturismo.it\/index.php?rest_route=%2Fwp%2Fv2%2Ftags&post=194517"}],"curies":[{"name":"wp","href":"https:\/\/api.w.org\/{rel}","templated":true}]}}