{"id":194580,"date":"2022-06-25T14:14:04","date_gmt":"2022-06-25T12:14:04","guid":{"rendered":"https:\/\/www.cicloturismo.it\/?p=194580"},"modified":"2022-06-25T14:14:04","modified_gmt":"2022-06-25T12:14:04","slug":"si-inaugura-la-nuova-ciclabile-del-santerno","status":"publish","type":"post","link":"https:\/\/demo.cicloturismo.it\/?p=194580","title":{"rendered":"Si inaugura la nuova ciclabile del Santerno"},"content":{"rendered":"<p><a href=\"https:\/\/demo.cicloturismo.it\/in-bici-da-lampedusa-a-capo-nord\/cycling-g8d50e986d_1280\/\" rel=\"attachment wp-att-194311\"><img decoding=\"async\" src=\"data:image\/svg+xml,%3Csvg%20xmlns%3D%27http%3A%2F%2Fwww.w3.org%2F2000%2Fsvg%27%20width%3D%27300%27%20height%3D%27200%27%20viewBox%3D%270%200%20300%20200%27%3E%3Crect%20width%3D%27300%27%20height%3D%27200%27%20fill-opacity%3D%220%22%2F%3E%3C%2Fsvg%3E\" data-orig-src=\"https:\/\/demo.cicloturismo.it\/wp-content\/uploads\/2022\/06\/cycling-g8d50e986d_1280-300x200.jpg\" alt=\"\" width=\"300\" height=\"200\" class=\"lazyload alignnone size-medium wp-image-194311\" \/><\/a><br \/>\nIl prossimo dieci luglio sar\u00e0 inaugurata  la nuova ciclovia del Santerno, 44 chilometri di ciclabile, nel suo percorso attraverser\u00e0    i comuni di   Mordano, Imola, Casalfiumanese, Borgo Tossignano, Fontanelice e Castel del Rio. Un percorso  che fa parte della Bicipolitana della Citt\u00e0 metropolitana di Bologna.L&#8217;opera \u00e8 costata ben 40mila euro ed \u00e8 stata co-finanziata dalla citt\u00e0  metropolitana al 30%, con un contributo di 12mila euro che ha finanziato, oltre alla realizzazione del progetto, anche  le  brochure informative . Il taglio del nastro si terr\u00e0 alle ore 16 all\u2019Autodromo Enzo e Dino Ferrari di Imola.<\/p>\n","protected":false},"excerpt":{"rendered":"<p>Il prossimo dieci luglio sar\u00e0 inaugurata la nuova ciclovia del  [&#8230;]<\/p>\n","protected":false},"author":1,"featured_media":194311,"comment_status":"open","ping_status":"open","sticky":false,"template":"","format":"standard","meta":{"footnotes":""},"categories":[8],"tags":[],"class_list":["post-194580","post","type-post","status-publish","format-standard","has-post-thumbnail","hentry","category-news"],"_links":{"self":[{"href":"https:\/\/demo.cicloturismo.it\/index.php?rest_route=\/wp\/v2\/posts\/194580","targetHints":{"allow":["GET"]}}],"collection":[{"href":"https:\/\/demo.cicloturismo.it\/index.php?rest_route=\/wp\/v2\/posts"}],"about":[{"href":"https:\/\/demo.cicloturismo.it\/index.php?rest_route=\/wp\/v2\/types\/post"}],"author":[{"embeddable":true,"href":"https:\/\/demo.cicloturismo.it\/index.php?rest_route=\/wp\/v2\/users\/1"}],"replies":[{"embeddable":true,"href":"https:\/\/demo.cicloturismo.it\/index.php?rest_route=%2Fwp%2Fv2%2Fcomments&post=194580"}],"version-history":[{"count":0,"href":"https:\/\/demo.cicloturismo.it\/index.php?rest_route=\/wp\/v2\/posts\/194580\/revisions"}],"wp:featuredmedia":[{"embeddable":true,"href":"https:\/\/demo.cicloturismo.it\/index.php?rest_route=\/"}],"wp:attachment":[{"href":"https:\/\/demo.cicloturismo.it\/index.php?rest_route=%2Fwp%2Fv2%2Fmedia&parent=194580"}],"wp:term":[{"taxonomy":"category","embeddable":true,"href":"https:\/\/demo.cicloturismo.it\/index.php?rest_route=%2Fwp%2Fv2%2Fcategories&post=194580"},{"taxonomy":"post_tag","embeddable":true,"href":"https:\/\/demo.cicloturismo.it\/index.php?rest_route=%2Fwp%2Fv2%2Ftags&post=194580"}],"curies":[{"name":"wp","href":"https:\/\/api.w.org\/{rel}","templated":true}]}}