{"id":194601,"date":"2022-06-26T14:03:45","date_gmt":"2022-06-26T12:03:45","guid":{"rendered":"https:\/\/www.cicloturismo.it\/?p=194601"},"modified":"2022-06-26T14:03:45","modified_gmt":"2022-06-26T12:03:45","slug":"nuova-ciclabile-a-novazzano","status":"publish","type":"post","link":"https:\/\/demo.cicloturismo.it\/?p=194601","title":{"rendered":"Nuova ciclabile a Novazzano"},"content":{"rendered":"<p><a href=\"https:\/\/demo.cicloturismo.it\/conclusi-i-lavori-sulla-ciclabile-soverzene-soccher\/road-bike-g790a2426d_1280\/\" rel=\"attachment wp-att-194058\"><img decoding=\"async\" src=\"data:image\/svg+xml,%3Csvg%20xmlns%3D%27http%3A%2F%2Fwww.w3.org%2F2000%2Fsvg%27%20width%3D%27300%27%20height%3D%27200%27%20viewBox%3D%270%200%20300%20200%27%3E%3Crect%20width%3D%27300%27%20height%3D%27200%27%20fill-opacity%3D%220%22%2F%3E%3C%2Fsvg%3E\" data-orig-src=\"https:\/\/demo.cicloturismo.it\/wp-content\/uploads\/2022\/06\/road-bike-g790a2426d_1280-300x200.jpg\" alt=\"\" width=\"300\" height=\"200\" class=\"lazyload alignnone size-medium wp-image-194058\" \/><\/a><br \/>\nIeri pomeriggio a Novazzano \u00e8 stata inaugurata la nuova ciclabile urbana tra il Pian Faloppia e Novazzano. La nuova via ciclabile  misura ben 1,5 chilometri  e collega la cittadina di Novazzano  fino alla localit\u00e0 di Resiga . L&#8217;opera \u00e8 costata circa 90mila franchi.Il sindaco della citt\u00e0 ha dichiarato che &#8221; questa nuova ciclabile sar\u00e0  fondamentale per la  rete ciclopedonale del Mendrisiotto e del Basso Ceresio&#8221;.<\/p>\n","protected":false},"excerpt":{"rendered":"<p>Ieri pomeriggio a Novazzano \u00e8 stata inaugurata la nuova ciclabile  [&#8230;]<\/p>\n","protected":false},"author":1,"featured_media":194058,"comment_status":"open","ping_status":"open","sticky":false,"template":"","format":"standard","meta":{"footnotes":""},"categories":[8],"tags":[],"class_list":["post-194601","post","type-post","status-publish","format-standard","has-post-thumbnail","hentry","category-news"],"_links":{"self":[{"href":"https:\/\/demo.cicloturismo.it\/index.php?rest_route=\/wp\/v2\/posts\/194601","targetHints":{"allow":["GET"]}}],"collection":[{"href":"https:\/\/demo.cicloturismo.it\/index.php?rest_route=\/wp\/v2\/posts"}],"about":[{"href":"https:\/\/demo.cicloturismo.it\/index.php?rest_route=\/wp\/v2\/types\/post"}],"author":[{"embeddable":true,"href":"https:\/\/demo.cicloturismo.it\/index.php?rest_route=\/wp\/v2\/users\/1"}],"replies":[{"embeddable":true,"href":"https:\/\/demo.cicloturismo.it\/index.php?rest_route=%2Fwp%2Fv2%2Fcomments&post=194601"}],"version-history":[{"count":0,"href":"https:\/\/demo.cicloturismo.it\/index.php?rest_route=\/wp\/v2\/posts\/194601\/revisions"}],"wp:featuredmedia":[{"embeddable":true,"href":"https:\/\/demo.cicloturismo.it\/index.php?rest_route=\/"}],"wp:attachment":[{"href":"https:\/\/demo.cicloturismo.it\/index.php?rest_route=%2Fwp%2Fv2%2Fmedia&parent=194601"}],"wp:term":[{"taxonomy":"category","embeddable":true,"href":"https:\/\/demo.cicloturismo.it\/index.php?rest_route=%2Fwp%2Fv2%2Fcategories&post=194601"},{"taxonomy":"post_tag","embeddable":true,"href":"https:\/\/demo.cicloturismo.it\/index.php?rest_route=%2Fwp%2Fv2%2Ftags&post=194601"}],"curies":[{"name":"wp","href":"https:\/\/api.w.org\/{rel}","templated":true}]}}