{"id":194729,"date":"2022-06-28T15:31:39","date_gmt":"2022-06-28T13:31:39","guid":{"rendered":"https:\/\/www.cicloturismo.it\/?p=194729"},"modified":"2022-06-28T15:31:39","modified_gmt":"2022-06-28T13:31:39","slug":"nuova-ciclabile-nel-comune-di-arezzo","status":"publish","type":"post","link":"https:\/\/demo.cicloturismo.it\/?p=194729","title":{"rendered":"Nuova ciclabile nel comune di  Arezzo."},"content":{"rendered":"<p><a href=\"https:\/\/demo.cicloturismo.it\/nuova-ciclabile-nel-comune-di-arezzo\/cyclists-1851269_1280-1\/\" rel=\"attachment wp-att-194730\"><img decoding=\"async\" src=\"data:image\/svg+xml,%3Csvg%20xmlns%3D%27http%3A%2F%2Fwww.w3.org%2F2000%2Fsvg%27%20width%3D%27300%27%20height%3D%27197%27%20viewBox%3D%270%200%20300%20197%27%3E%3Crect%20width%3D%27300%27%20height%3D%27197%27%20fill-opacity%3D%220%22%2F%3E%3C%2Fsvg%3E\" data-orig-src=\"https:\/\/demo.cicloturismo.it\/wp-content\/uploads\/2022\/06\/cyclists-1851269_1280-1-300x197.jpg\" alt=\"\" width=\"300\" height=\"197\" class=\"lazyload alignnone size-medium wp-image-194730\" \/><\/a><br \/>\nQuesta mattina nella  citt\u00e0 di Arezzo  \u00e8  stata inaugurata  una nuova  ciclabile urbana in Via  del Vingnone . La nuova ciclabile  \u00e8  stata realizzata  in sede protetta  , si unisce  con la ciclabile  di via Nenni a via Colombo e via Tolomeo, passando dalle pertinenze di via del Vingone.Lungo tutto il tracciato \u00e8 stato realizzato anche un nuovo impianto di illuminazione dedicata. La ciclabile misura un chilometro. <\/p>\n","protected":false},"excerpt":{"rendered":"<p>Questa mattina nella citt\u00e0 di Arezzo \u00e8 stata inaugurata una  [&#8230;]<\/p>\n","protected":false},"author":1,"featured_media":194730,"comment_status":"open","ping_status":"open","sticky":false,"template":"","format":"standard","meta":{"footnotes":""},"categories":[8],"tags":[],"class_list":["post-194729","post","type-post","status-publish","format-standard","has-post-thumbnail","hentry","category-news"],"_links":{"self":[{"href":"https:\/\/demo.cicloturismo.it\/index.php?rest_route=\/wp\/v2\/posts\/194729","targetHints":{"allow":["GET"]}}],"collection":[{"href":"https:\/\/demo.cicloturismo.it\/index.php?rest_route=\/wp\/v2\/posts"}],"about":[{"href":"https:\/\/demo.cicloturismo.it\/index.php?rest_route=\/wp\/v2\/types\/post"}],"author":[{"embeddable":true,"href":"https:\/\/demo.cicloturismo.it\/index.php?rest_route=\/wp\/v2\/users\/1"}],"replies":[{"embeddable":true,"href":"https:\/\/demo.cicloturismo.it\/index.php?rest_route=%2Fwp%2Fv2%2Fcomments&post=194729"}],"version-history":[{"count":0,"href":"https:\/\/demo.cicloturismo.it\/index.php?rest_route=\/wp\/v2\/posts\/194729\/revisions"}],"wp:featuredmedia":[{"embeddable":true,"href":"https:\/\/demo.cicloturismo.it\/index.php?rest_route=\/"}],"wp:attachment":[{"href":"https:\/\/demo.cicloturismo.it\/index.php?rest_route=%2Fwp%2Fv2%2Fmedia&parent=194729"}],"wp:term":[{"taxonomy":"category","embeddable":true,"href":"https:\/\/demo.cicloturismo.it\/index.php?rest_route=%2Fwp%2Fv2%2Fcategories&post=194729"},{"taxonomy":"post_tag","embeddable":true,"href":"https:\/\/demo.cicloturismo.it\/index.php?rest_route=%2Fwp%2Fv2%2Ftags&post=194729"}],"curies":[{"name":"wp","href":"https:\/\/api.w.org\/{rel}","templated":true}]}}