{"id":194791,"date":"2022-07-01T16:17:04","date_gmt":"2022-07-01T14:17:04","guid":{"rendered":"https:\/\/www.cicloturismo.it\/?p=194791"},"modified":"2022-07-01T16:17:04","modified_gmt":"2022-07-01T14:17:04","slug":"domani-ci-sara-linaugurazione-della-pista-ciclabile-da-via-corelli-allidroscalo-di-milano","status":"publish","type":"post","link":"https:\/\/demo.cicloturismo.it\/?p=194791","title":{"rendered":"Domani ci sar\u00e0 l&#8217;inaugurazione della pista ciclabile da via Corelli all\u2019Idroscalo di Milano."},"content":{"rendered":"<p><a href=\"https:\/\/demo.cicloturismo.it\/domani-ci-sara-linaugurazione-della-pista-ciclabile-da-via-corelli-allidroscalo-di-milano\/bicycles-405779_1280\/\" rel=\"attachment wp-att-194793\"><img decoding=\"async\" src=\"data:image\/svg+xml,%3Csvg%20xmlns%3D%27http%3A%2F%2Fwww.w3.org%2F2000%2Fsvg%27%20width%3D%27300%27%20height%3D%27200%27%20viewBox%3D%270%200%20300%20200%27%3E%3Crect%20width%3D%27300%27%20height%3D%27200%27%20fill-opacity%3D%220%22%2F%3E%3C%2Fsvg%3E\" data-orig-src=\"https:\/\/demo.cicloturismo.it\/wp-content\/uploads\/2022\/07\/bicycles-405779_1280-300x200.jpg\" alt=\"\" width=\"300\" height=\"200\" class=\"lazyload alignnone size-medium wp-image-194793\" \/><\/a><br \/>\nDomani mattina la citt\u00e0 metropolitana  di Milano  inaugura la nuova ciclabile  urbana  che unir\u00e0  Via Corelli a Segrate  con  l&#8217;idroscalo. L&#8217;inaugurazione  \u00e8  sta fissata  alle ore nove , davanti al parcheggio tra via Tucidide e via Cavriana per il taglio del nastro  della prima tratta della Linea 6- la linea rosa di cambio. Il progetto  prevede di costruire  ben 24 linee super-ciclabili:4 circolari, 16 radiali e 4 greenways.\u00a024 tragitti studiati per connettere scuole, aziende, stazioni, ospedali, parchi e musei, dalla periferia  al centro citt\u00e0. <\/p>\n","protected":false},"excerpt":{"rendered":"<p>Domani mattina la citt\u00e0 metropolitana di Milano inaugura la nuova  [&#8230;]<\/p>\n","protected":false},"author":1,"featured_media":194793,"comment_status":"open","ping_status":"open","sticky":false,"template":"","format":"standard","meta":{"footnotes":""},"categories":[8],"tags":[],"class_list":["post-194791","post","type-post","status-publish","format-standard","has-post-thumbnail","hentry","category-news"],"_links":{"self":[{"href":"https:\/\/demo.cicloturismo.it\/index.php?rest_route=\/wp\/v2\/posts\/194791","targetHints":{"allow":["GET"]}}],"collection":[{"href":"https:\/\/demo.cicloturismo.it\/index.php?rest_route=\/wp\/v2\/posts"}],"about":[{"href":"https:\/\/demo.cicloturismo.it\/index.php?rest_route=\/wp\/v2\/types\/post"}],"author":[{"embeddable":true,"href":"https:\/\/demo.cicloturismo.it\/index.php?rest_route=\/wp\/v2\/users\/1"}],"replies":[{"embeddable":true,"href":"https:\/\/demo.cicloturismo.it\/index.php?rest_route=%2Fwp%2Fv2%2Fcomments&post=194791"}],"version-history":[{"count":0,"href":"https:\/\/demo.cicloturismo.it\/index.php?rest_route=\/wp\/v2\/posts\/194791\/revisions"}],"wp:featuredmedia":[{"embeddable":true,"href":"https:\/\/demo.cicloturismo.it\/index.php?rest_route=\/"}],"wp:attachment":[{"href":"https:\/\/demo.cicloturismo.it\/index.php?rest_route=%2Fwp%2Fv2%2Fmedia&parent=194791"}],"wp:term":[{"taxonomy":"category","embeddable":true,"href":"https:\/\/demo.cicloturismo.it\/index.php?rest_route=%2Fwp%2Fv2%2Fcategories&post=194791"},{"taxonomy":"post_tag","embeddable":true,"href":"https:\/\/demo.cicloturismo.it\/index.php?rest_route=%2Fwp%2Fv2%2Ftags&post=194791"}],"curies":[{"name":"wp","href":"https:\/\/api.w.org\/{rel}","templated":true}]}}