{"id":194835,"date":"2022-07-04T17:10:29","date_gmt":"2022-07-04T15:10:29","guid":{"rendered":"https:\/\/www.cicloturismo.it\/?p=194835"},"modified":"2022-07-04T17:10:29","modified_gmt":"2022-07-04T15:10:29","slug":"nuova-ciclabile-nella-citta-di-giulianova","status":"publish","type":"post","link":"https:\/\/demo.cicloturismo.it\/?p=194835","title":{"rendered":"Nuova ciclabile nella citt\u00e0 di Giulianova ."},"content":{"rendered":"<p><a href=\"https:\/\/demo.cicloturismo.it\/nuova-ciclabile-nella-citta-di-giulianova\/bike-ride-6804105_1280\/\" rel=\"attachment wp-att-194836\"><img decoding=\"async\" src=\"data:image\/svg+xml,%3Csvg%20xmlns%3D%27http%3A%2F%2Fwww.w3.org%2F2000%2Fsvg%27%20width%3D%27300%27%20height%3D%27188%27%20viewBox%3D%270%200%20300%20188%27%3E%3Crect%20width%3D%27300%27%20height%3D%27188%27%20fill-opacity%3D%220%22%2F%3E%3C%2Fsvg%3E\" data-orig-src=\"https:\/\/demo.cicloturismo.it\/wp-content\/uploads\/2022\/07\/bike-ride-6804105_1280-300x188.jpg\" alt=\"\" width=\"300\" height=\"188\" class=\"lazyload alignnone size-medium wp-image-194836\" \/><\/a><br \/>\nIeri pomeriggio nella citt\u00e0 di Giulianova \u00e8 stata inaugurata la nuova ciclabile del lungomare Monumentale. Al taglio del nastro erano presente il sindaco della citt\u00e0 e tutta la giunta. Il sindaco Jwan Costantini ha dichiarato che &#8220;Oggi \u00e8 un giorno importante, non solo perch\u00e9 un&#8217;opera fondamentale \u00e8 stata riconsegnata, ma perch\u00e9 questa opera, la pista appunto, esprime al meglio il senso e lo spirito del nostro mandato. Molti chiamano tutto questo lungimiranza, io parlerei di coraggio nella cura del bene pubblico\u00bb.<\/p>\n","protected":false},"excerpt":{"rendered":"<p>Ieri pomeriggio nella citt\u00e0 di Giulianova \u00e8 stata inaugurata la  [&#8230;]<\/p>\n","protected":false},"author":1,"featured_media":194836,"comment_status":"open","ping_status":"open","sticky":false,"template":"","format":"standard","meta":{"footnotes":""},"categories":[8],"tags":[],"class_list":["post-194835","post","type-post","status-publish","format-standard","has-post-thumbnail","hentry","category-news"],"_links":{"self":[{"href":"https:\/\/demo.cicloturismo.it\/index.php?rest_route=\/wp\/v2\/posts\/194835","targetHints":{"allow":["GET"]}}],"collection":[{"href":"https:\/\/demo.cicloturismo.it\/index.php?rest_route=\/wp\/v2\/posts"}],"about":[{"href":"https:\/\/demo.cicloturismo.it\/index.php?rest_route=\/wp\/v2\/types\/post"}],"author":[{"embeddable":true,"href":"https:\/\/demo.cicloturismo.it\/index.php?rest_route=\/wp\/v2\/users\/1"}],"replies":[{"embeddable":true,"href":"https:\/\/demo.cicloturismo.it\/index.php?rest_route=%2Fwp%2Fv2%2Fcomments&post=194835"}],"version-history":[{"count":0,"href":"https:\/\/demo.cicloturismo.it\/index.php?rest_route=\/wp\/v2\/posts\/194835\/revisions"}],"wp:featuredmedia":[{"embeddable":true,"href":"https:\/\/demo.cicloturismo.it\/index.php?rest_route=\/"}],"wp:attachment":[{"href":"https:\/\/demo.cicloturismo.it\/index.php?rest_route=%2Fwp%2Fv2%2Fmedia&parent=194835"}],"wp:term":[{"taxonomy":"category","embeddable":true,"href":"https:\/\/demo.cicloturismo.it\/index.php?rest_route=%2Fwp%2Fv2%2Fcategories&post=194835"},{"taxonomy":"post_tag","embeddable":true,"href":"https:\/\/demo.cicloturismo.it\/index.php?rest_route=%2Fwp%2Fv2%2Ftags&post=194835"}],"curies":[{"name":"wp","href":"https:\/\/api.w.org\/{rel}","templated":true}]}}