{"id":197224,"date":"2022-10-05T15:23:44","date_gmt":"2022-10-05T13:23:44","guid":{"rendered":"https:\/\/www.cicloturismo.it\/?p=197224"},"modified":"2022-10-05T15:23:44","modified_gmt":"2022-10-05T13:23:44","slug":"nuova-ciclabile-nel-comune-di-formigine","status":"publish","type":"post","link":"https:\/\/demo.cicloturismo.it\/?p=197224","title":{"rendered":"Nuova ciclabile nel comune di Formigine"},"content":{"rendered":"<p><a href=\"https:\/\/demo.cicloturismo.it\/nuova-ciclabile-nel-comune-di-formigine\/road-bike-gca374902d_1280\/\" rel=\"attachment wp-att-197225\"><img decoding=\"async\" src=\"data:image\/svg+xml,%3Csvg%20xmlns%3D%27http%3A%2F%2Fwww.w3.org%2F2000%2Fsvg%27%20width%3D%27300%27%20height%3D%27200%27%20viewBox%3D%270%200%20300%20200%27%3E%3Crect%20width%3D%27300%27%20height%3D%27200%27%20fill-opacity%3D%220%22%2F%3E%3C%2Fsvg%3E\" data-orig-src=\"https:\/\/demo.cicloturismo.it\/wp-content\/uploads\/2022\/10\/road-bike-gca374902d_1280-300x200.jpg\" alt=\"\" width=\"300\" height=\"200\" class=\"lazyload alignnone size-medium wp-image-197225\" \/><\/a><br \/>\nLa scorsa domenica nella citt\u00e0 di Formigine \u00e8 stata inaugurata la nuova ciclabile urbana, che collega il centro citt\u00e0 con la frazione di  Ubersetto. La nuova pista \u00e8 lunga 1.200 metri, si trova vicino  a via Giardini assumendo le caratteristiche di linearit\u00e0 e continuit\u00e0 che permettono di percorrere agevolmente distanze medie, incentivando cosi i residenti della zona a non utilizzare i veicoli a motore nel tragitto casa-lavoro. Al taglio del nastro ha partecipato il sindaco di Formigine Maria Costi con tutta la sua giunta comunale . <\/p>\n","protected":false},"excerpt":{"rendered":"<p>La scorsa domenica nella citt\u00e0 di Formigine \u00e8 stata inaugurata  [&#8230;]<\/p>\n","protected":false},"author":1,"featured_media":197225,"comment_status":"open","ping_status":"open","sticky":false,"template":"","format":"standard","meta":{"footnotes":""},"categories":[8],"tags":[],"class_list":["post-197224","post","type-post","status-publish","format-standard","has-post-thumbnail","hentry","category-news"],"_links":{"self":[{"href":"https:\/\/demo.cicloturismo.it\/index.php?rest_route=\/wp\/v2\/posts\/197224","targetHints":{"allow":["GET"]}}],"collection":[{"href":"https:\/\/demo.cicloturismo.it\/index.php?rest_route=\/wp\/v2\/posts"}],"about":[{"href":"https:\/\/demo.cicloturismo.it\/index.php?rest_route=\/wp\/v2\/types\/post"}],"author":[{"embeddable":true,"href":"https:\/\/demo.cicloturismo.it\/index.php?rest_route=\/wp\/v2\/users\/1"}],"replies":[{"embeddable":true,"href":"https:\/\/demo.cicloturismo.it\/index.php?rest_route=%2Fwp%2Fv2%2Fcomments&post=197224"}],"version-history":[{"count":0,"href":"https:\/\/demo.cicloturismo.it\/index.php?rest_route=\/wp\/v2\/posts\/197224\/revisions"}],"wp:featuredmedia":[{"embeddable":true,"href":"https:\/\/demo.cicloturismo.it\/index.php?rest_route=\/"}],"wp:attachment":[{"href":"https:\/\/demo.cicloturismo.it\/index.php?rest_route=%2Fwp%2Fv2%2Fmedia&parent=197224"}],"wp:term":[{"taxonomy":"category","embeddable":true,"href":"https:\/\/demo.cicloturismo.it\/index.php?rest_route=%2Fwp%2Fv2%2Fcategories&post=197224"},{"taxonomy":"post_tag","embeddable":true,"href":"https:\/\/demo.cicloturismo.it\/index.php?rest_route=%2Fwp%2Fv2%2Ftags&post=197224"}],"curies":[{"name":"wp","href":"https:\/\/api.w.org\/{rel}","templated":true}]}}